{"id":11477,"date":"2022-09-06T13:40:05","date_gmt":"2022-09-06T11:40:05","guid":{"rendered":"https:\/\/kantine26.de\/sha\/?p=11477"},"modified":"2025-04-02T16:33:04","modified_gmt":"2025-04-02T14:33:04","slug":"die-kantine-veraendert-sich-ab-2025","status":"publish","type":"post","link":"https:\/\/kantine26.de\/sha\/die-kantine-veraendert-sich-ab-2025\/","title":{"rendered":"Die Kantine ver\u00e4ndert sich ab 2025!"},"content":{"rendered":"<div class=\"x11i5rnm xat24cr x1mh8g0r x1vvkbs xtlvy1s x126k92a\">\n<div dir=\"auto\">Hallo liebe Fans der Kantine,<\/div>\n<\/div>\n<div class=\"x11i5rnm xat24cr x1mh8g0r x1vvkbs xtlvy1s x126k92a\">\n<div dir=\"auto\"><\/div>\n<div dir=\"auto\">Ver\u00e4nderung. Zeitenwende. Wandel.<\/div>\n<div dir=\"auto\">Schlagw\u00f6rter die die vergangenen Jahre gepr\u00e4gt haben. Ebenso die Clubkultur. Jeden Monat erhalten wir neue Meldungen von Schlie\u00dfungen von Clubs egal wo, vom tiefen S\u00fcden bis in den hohen Norden. Verf\u00e4llt das laute, pulsierende Nachtleben dem neuen disruptiven Trend vom leisen, einsamen Streaming oder Social Media?<\/div>\n<div dir=\"auto\"><\/div>\n<div dir=\"auto\">Die Kantine wird sich dieser Entwicklung mit einer Anpassung seines Gesch\u00e4ftsmodells entgegenstellen.<\/div>\n<\/div>\n<div class=\"x11i5rnm xat24cr x1mh8g0r x1vvkbs xtlvy1s x126k92a\">\n<div dir=\"auto\"><\/div>\n<div dir=\"auto\">In vielen Gespr\u00e4chen, in l\u00e4ssiger Atmosph\u00e4re, haben wir uns \u00fcber die Zukunft des Clubs und dem neuen Ausgehverhalten unserer Jugend Gedanken gemacht. \u00dcber unseren kulturellen Auftrag, \u00fcber die Wirtschaftlichkeit, \u00fcber das was uns Spa\u00df macht und was uns letztendlich antreibt.<\/div>\n<\/div>\n<div class=\"x11i5rnm xat24cr x1mh8g0r x1vvkbs xtlvy1s x126k92a\">\n<div dir=\"auto\"><\/div>\n<div dir=\"auto\">Aus heutiger Sicht kann man sagen: seit \u00fcber 10 Jahren war und ist die Kantine eine wichtige Institution im Haller Nachtleben \u2013 was sie aus unserer Sicht auch weiterhin gerne bleiben soll.<\/div>\n<\/div>\n<div class=\"x11i5rnm xat24cr x1mh8g0r x1vvkbs xtlvy1s x126k92a\">\n<div dir=\"auto\"><\/div>\n<div dir=\"auto\">Wie sieht also die Zukunft der Kantine aus? Wie geht es ab dem neuen Jahr weiter?<\/div>\n<\/div>\n<div class=\"x11i5rnm xat24cr x1mh8g0r x1vvkbs xtlvy1s x126k92a\">\n<div dir=\"auto\">&#8211; Der bisher ganzj\u00e4hrige Clubbetrieb wird auf ausgew\u00e4hlte Clubtermine \u00fcber das Jahr angepasst.<\/div>\n<div dir=\"auto\">&#8211; Das Casino wird f\u00fcr den Einzelbetrieb umfunktioniert. Die Kantine \u00f6ffnet sich zur Miete von<\/div>\n<div dir=\"auto\">regionalen \/ nationalen Veranstaltern, damit auch andere Communities, Vereine oder kulturelle<\/div>\n<div dir=\"auto\">Organisationen die betriebsfertige Infrastruktur f\u00fcr sich zum Einsatz bringen k\u00f6nnen. &#8211;<\/div>\n<div dir=\"auto\">Firmenevents mit lokalen und regionalen Unternehmen werden zuk\u00fcnftig vermehrt in der<\/div>\n<div dir=\"auto\">Kantine stattfinden.<\/div>\n<div dir=\"auto\">&#8211; Zudem \u00f6ffnet sich die Kantine f\u00fcr Sonderveranstaltungen aller Art, die eine einzigartige und<\/div>\n<div dir=\"auto\">markante Live- und Clubatmosph\u00e4re suchen!<\/div>\n<\/div>\n<div class=\"x11i5rnm xat24cr x1mh8g0r x1vvkbs xtlvy1s x126k92a\">\n<div dir=\"auto\"><\/div>\n<div dir=\"auto\">Es ist uns verst\u00e4rkt ein Anliegen, um mit unseren jetzigen und zuk\u00fcnftigen Firmenpartnern kulturellen Musikveranstaltungen auch weiterhin eine B\u00fchne zu geben. Die Erhaltung von Musikkultur in der Region Schw\u00e4bisch Hall ist uns ein wichtiges Anliegen.<\/div>\n<\/div>\n<div class=\"x11i5rnm xat24cr x1mh8g0r x1vvkbs xtlvy1s x126k92a\">\n<div dir=\"auto\"><\/div>\n<div dir=\"auto\">Die Kantine bedankt sich f\u00fcr die Unterst\u00fctzung bei unseren Fans und Partner, die uns auf dem Weg zur Kultur- und Veranstaltungslocation begleiten. Und dadurch den Erhalt einer vielf\u00e4ltigen Partykultur im Haller Nachtleben erhalten.<\/div>\n<\/div>\n<div class=\"x11i5rnm xat24cr x1mh8g0r x1vvkbs xtlvy1s x126k92a\">\n<div dir=\"auto\"><\/div>\n<div dir=\"auto\">In diesem Sinne w\u00fcnschen wir allen eine frohe Weihnachtszeit und einen tollen Start ins neue Jahr!<\/div>\n<\/div>\n<div class=\"x11i5rnm xat24cr x1mh8g0r x1vvkbs xtlvy1s x126k92a\">\n<div dir=\"auto\"><\/div>\n<div dir=\"auto\">Euer Kantine-Team<\/div>\n<\/div>\n","protected":false},"excerpt":{"rendered":"<p>Ver\u00e4nderung. Zeitenwende. Wandel. Schlagw\u00f6rter die die vergangenen Jahre gepr\u00e4gt haben. Ebenso die Clubkultur. Jeden Monat erhalten wir neue Meldungen von Schlie\u00dfungen von Clubs egal wo, vom tiefen S\u00fcden bis in den hohen Norden. Verf\u00e4llt das laute, pulsierende Nachtleben dem neuen disruptiven Trend vom leisen, einsamen Streaming oder Social Media? Die Kantine wird sich dieser Entwicklung mit einer Anpassung seines Gesch\u00e4ftsmodells entgegenstellen.<\/p>\n","protected":false},"author":1,"featured_media":11478,"comment_status":"closed","ping_status":"closed","sticky":false,"template":"","format":"standard","meta":{"footnotes":""},"categories":[1],"tags":[],"class_list":["post-11477","post","type-post","status-publish","format-standard","has-post-thumbnail","hentry","category-news"],"_links":{"self":[{"href":"https:\/\/kantine26.de\/sha\/wp-json\/wp\/v2\/posts\/11477"}],"collection":[{"href":"https:\/\/kantine26.de\/sha\/wp-json\/wp\/v2\/posts"}],"about":[{"href":"https:\/\/kantine26.de\/sha\/wp-json\/wp\/v2\/types\/post"}],"author":[{"embeddable":true,"href":"https:\/\/kantine26.de\/sha\/wp-json\/wp\/v2\/users\/1"}],"replies":[{"embeddable":true,"href":"https:\/\/kantine26.de\/sha\/wp-json\/wp\/v2\/comments?post=11477"}],"version-history":[{"count":2,"href":"https:\/\/kantine26.de\/sha\/wp-json\/wp\/v2\/posts\/11477\/revisions"}],"predecessor-version":[{"id":11482,"href":"https:\/\/kantine26.de\/sha\/wp-json\/wp\/v2\/posts\/11477\/revisions\/11482"}],"wp:featuredmedia":[{"embeddable":true,"href":"https:\/\/kantine26.de\/sha\/wp-json\/wp\/v2\/media\/11478"}],"wp:attachment":[{"href":"https:\/\/kantine26.de\/sha\/wp-json\/wp\/v2\/media?parent=11477"}],"wp:term":[{"taxonomy":"category","embeddable":true,"href":"https:\/\/kantine26.de\/sha\/wp-json\/wp\/v2\/categories?post=11477"},{"taxonomy":"post_tag","embeddable":true,"href":"https:\/\/kantine26.de\/sha\/wp-json\/wp\/v2\/tags?post=11477"}],"curies":[{"name":"wp","href":"https:\/\/api.w.org\/{rel}","templated":true}]}}