{"id":9791,"date":"2021-12-02T23:11:32","date_gmt":"2021-12-02T21:11:32","guid":{"rendered":"https:\/\/kantine26.de\/sha\/?p=9791"},"modified":"2021-12-02T23:11:32","modified_gmt":"2021-12-02T21:11:32","slug":"kantine-geht-wieder-in-den-winterschlaf","status":"publish","type":"post","link":"https:\/\/kantine26.de\/sha\/kantine-geht-wieder-in-den-winterschlaf\/","title":{"rendered":"KANTINE GEHT WIEDER IN DEN WINTERSCHLAF!"},"content":{"rendered":"<p>Es hat sich ja schon abgezeichnet, dass Clubs wieder geschlossen werden.<\/p>\n<p>Es ist auch, in Anbetracht der aktuellen Lage, richtig so und h\u00e4tte nach unserem Gef\u00fchl schon ein\/zwei Wochen fr\u00fcher geschehen k\u00f6nnen.<\/p>\n<div class=\"text_exposed_show\">\n<p>Jetzt ist es so! Wir hatten in den vergangenen Wochen zumindest die M\u00f6glichkeit die Kantine mal wieder lautstark an den Start zu bringen und Euch hochwertige Acts zu bieten.<\/p>\n<p>Wir schlie\u00dfen die Kantine ab sofort und melden uns sobald es wieder Neuigkeiten gibt.<\/p>\n<p>Bleibt ganz besonders jetzt gesund!<\/p>\n<p>Eure Kantine<\/p>\n<\/div>\n","protected":false},"excerpt":{"rendered":"<p>Es hat sich ja schon abgezeichnet, dass Clubs wieder geschlossen werden. Es ist auch, in Anbetracht der aktuellen Lage, richtig so und h\u00e4tte nach unserem Gef\u00fchl schon ein\/zwei Wochen fr\u00fcher geschehen k\u00f6nnen. Jetzt ist es so! Wir hatten in den vergangenen Wochen zumindest die M\u00f6glichkeit die Kantine mal wieder lautstark an den Start zu bringen und Euch hochwertige Acts zu bieten. Wir schlie\u00dfen die Kantine ab sofort und melden uns sobald es wieder Neuigkeiten gibt. Bleibt ganz besonders jetzt gesund! Eure Kantine<\/p>\n","protected":false},"author":1,"featured_media":9792,"comment_status":"closed","ping_status":"closed","sticky":false,"template":"","format":"standard","meta":{"footnotes":""},"categories":[1],"tags":[],"class_list":["post-9791","post","type-post","status-publish","format-standard","has-post-thumbnail","hentry","category-news"],"_links":{"self":[{"href":"https:\/\/kantine26.de\/sha\/wp-json\/wp\/v2\/posts\/9791"}],"collection":[{"href":"https:\/\/kantine26.de\/sha\/wp-json\/wp\/v2\/posts"}],"about":[{"href":"https:\/\/kantine26.de\/sha\/wp-json\/wp\/v2\/types\/post"}],"author":[{"embeddable":true,"href":"https:\/\/kantine26.de\/sha\/wp-json\/wp\/v2\/users\/1"}],"replies":[{"embeddable":true,"href":"https:\/\/kantine26.de\/sha\/wp-json\/wp\/v2\/comments?post=9791"}],"version-history":[{"count":2,"href":"https:\/\/kantine26.de\/sha\/wp-json\/wp\/v2\/posts\/9791\/revisions"}],"predecessor-version":[{"id":9794,"href":"https:\/\/kantine26.de\/sha\/wp-json\/wp\/v2\/posts\/9791\/revisions\/9794"}],"wp:featuredmedia":[{"embeddable":true,"href":"https:\/\/kantine26.de\/sha\/wp-json\/wp\/v2\/media\/9792"}],"wp:attachment":[{"href":"https:\/\/kantine26.de\/sha\/wp-json\/wp\/v2\/media?parent=9791"}],"wp:term":[{"taxonomy":"category","embeddable":true,"href":"https:\/\/kantine26.de\/sha\/wp-json\/wp\/v2\/categories?post=9791"},{"taxonomy":"post_tag","embeddable":true,"href":"https:\/\/kantine26.de\/sha\/wp-json\/wp\/v2\/tags?post=9791"}],"curies":[{"name":"wp","href":"https:\/\/api.w.org\/{rel}","templated":true}]}}