{"id":9807,"date":"2022-03-22T15:51:51","date_gmt":"2022-03-22T13:51:51","guid":{"rendered":"https:\/\/kantine26.de\/sha\/?p=9807"},"modified":"2022-03-28T09:09:57","modified_gmt":"2022-03-28T07:09:57","slug":"26-03-sa-k26-live-club-die-benefiznacht-mit-dj-band","status":"publish","type":"post","link":"https:\/\/kantine26.de\/sha\/26-03-sa-k26-live-club-die-benefiznacht-mit-dj-band\/","title":{"rendered":"26.03.\/ SA \/ K26 LIVE &#038; CLUB &#8211; Die Benefiz-nacht mit DJ &#038; Band"},"content":{"rendered":"<p>Zu unserem gro\u00dfen Re-Opening m\u00f6chten wir Euch einladen, eine rauschende Party mit uns zu feiern und dabei gemeinsam den Opfern des Ukrainekrieges zu helfen.<\/p>\n<p>DJ Wayne Scratchky (DeLaRoca-Deejays) und die Kantine Liveband spielen Euch Charts, R\u00b4n\u00b4B, Dance, Rock und absolute Partyklassiker bis fr\u00fch in den Morgen.<\/p>\n<h2 class=\"cxmmr5t8 oygrvhab hcukyx3x c1et5uql o9v6fnle\"><span style=\"color: #ffff00;\">DER GESAMTE ERL\u00d6S kommt den Opfern und Fl\u00fcchtlingen aus der Ukraine zugute.<\/span> Wir spenden an Organisationen, die den Bed\u00fcrftigen vor Ort und auf der Flucht auf schnellstem Wege helfen k\u00f6nnen.<\/h2>\n<div><\/div>\n<div class=\"cxmmr5t8 oygrvhab hcukyx3x c1et5uql o9v6fnle\"><span style=\"color: #ffff00;\">Folgende K\u00fcnstler sind mit dabei:<\/span><br \/>\n<span style=\"color: #ffff00;\">Yahya Salman &#8211; Vocals<\/span><br \/>\n<span style=\"color: #ffff00;\">Jessica Conte &#8211; Vocals<\/span><br \/>\n<span style=\"color: #ffff00;\">Martin &#8222;Paule Panther&#8220; Paulus &#8211; MC &amp; Vocals<\/span><br \/>\n<span style=\"color: #ffff00;\">Marc Stone &#8211; Hist &amp; Vocals<\/span><br \/>\n<span style=\"color: #ffff00;\">Tino Calmbach &#8211; Drums<\/span><br \/>\n<span style=\"color: #ffff00;\">Chris Baumann &#8211; Percussions<\/span><br \/>\n<span style=\"color: #ffff00;\">Erw Schmidt- Bass <\/span><br \/>\n<span style=\"color: #ffff00;\">Christopher &#8222;Hansi&#8220; Hans &#8211; Vocals, Keyboards &amp; Piano<\/span><br \/>\n<span style=\"color: #ffff00;\">J\u00fcrgen &#8222;Maui&#8220; Mauer &#8211; Gitarre<\/span><\/div>\n<div><\/div>\n<p>Die Veranstaltung findet in Zusammenarbeit mit dem F\u00f6rderverein der<br \/>\nTSG-Handballabteilung statt.<\/p>\n<h2 class=\"cxmmr5t8 oygrvhab hcukyx3x c1et5uql o9v6fnle\">Unterst\u00fctzt von:<\/h2>\n<p>Smartino Hotel, SHA<br \/>\n<a class=\"oajrlxb2 g5ia77u1 qu0x051f esr5mh6w e9989ue4 r7d6kgcz rq0escxv nhd2j8a9 nc684nl6 p7hjln8o kvgmc6g5 cxmmr5t8 oygrvhab hcukyx3x jb3vyjys rz4wbd8a qt6c0cv9 a8nywdso i1ao9s8h esuyzwwr f1sip0of lzcic4wl gpro0wi8 py34i1dx\" tabindex=\"0\" role=\"link\" href=\"https:\/\/www.hotel-smartino.de\/\" target=\"_blank\" rel=\"nofollow noopener\">https:\/\/www.hotel-smartino.de\/<\/a><\/p>\n<p>Trattoria Come Prima, SHA<br \/>\n<a class=\"oajrlxb2 g5ia77u1 qu0x051f esr5mh6w e9989ue4 r7d6kgcz rq0escxv nhd2j8a9 nc684nl6 p7hjln8o kvgmc6g5 cxmmr5t8 oygrvhab hcukyx3x jb3vyjys rz4wbd8a qt6c0cv9 a8nywdso i1ao9s8h esuyzwwr f1sip0of lzcic4wl gpro0wi8 py34i1dx\" tabindex=\"0\" role=\"link\" href=\"https:\/\/www.trattoria-comeprima.de\/\" target=\"_blank\" rel=\"nofollow noopener\">https:\/\/www.trattoria-comeprima.de\/<\/a><\/p>\n<div>\n<p><img loading=\"lazy\" decoding=\"async\" src=\"https:\/\/kantine26.de\/sha\/wp-content\/uploads\/2013\/03\/underline4-770x15.png\" alt=\"underline\" width=\"710\" height=\"13\" \/><\/p>\n<p>Einlass 22 Uhr \/ Eintritt 5 EUR + 10 EUR Spende<\/p>\n<p><img loading=\"lazy\" decoding=\"async\" src=\"https:\/\/kantine26.de\/sha\/wp-content\/uploads\/2013\/03\/underline4-770x15.png\" alt=\"underline\" width=\"710\" height=\"13\" \/><\/p>\n<p><img loading=\"lazy\" decoding=\"async\" src=\"https:\/\/kantine26.de\/sha\/wp-content\/uploads\/2013\/03\/k26_live_051-770x513.jpg\" alt=\"k26_live_05\" width=\"710\" height=\"473\" \/><\/p>\n<p><img loading=\"lazy\" decoding=\"async\" src=\"https:\/\/kantine26.de\/sha\/wp-content\/uploads\/2013\/03\/k26_ostern_03-770x513.jpg\" alt=\"k26_ostern_03\" width=\"710\" height=\"473\" \/><\/p>\n<p><img loading=\"lazy\" decoding=\"async\" src=\"https:\/\/kantine26.de\/sha\/wp-content\/uploads\/2013\/03\/k26_swr3_09-770x513.jpg\" alt=\"k26_swr3_09\" width=\"710\" height=\"473\" \/><\/p>\n<\/div>\n","protected":false},"excerpt":{"rendered":"<p>Zu unserem gro\u00dfen Re-Opening m\u00f6chten wir Euch einladen, eine rauschende Party mit uns zu feiern und dabei gemeinsam den Opfern des Ukrainekrieges zu helfen. DJ Wayne Scratchky (DeLaRoca-Deejays) und die Kantine Liveband spielen Euch Charts, R\u00b4n\u00b4B, Dance, Rock und absolute Partyklassiker bis fr\u00fch in den Morgen. DER GESAMTE ERL\u00d6S kommt den Opfern und Fl\u00fcchtlingen aus der Ukraine zugute. Wir spenden an Organisationen, die den Bed\u00fcrftigen vor Ort und auf der Flucht auf schnellstem Wege helfen k\u00f6nnen.<\/p>\n","protected":false},"author":1,"featured_media":9808,"comment_status":"closed","ping_status":"closed","sticky":false,"template":"","format":"standard","meta":{"footnotes":""},"categories":[6],"tags":[],"class_list":["post-9807","post","type-post","status-publish","format-standard","has-post-thumbnail","hentry","category-history"],"_links":{"self":[{"href":"https:\/\/kantine26.de\/sha\/wp-json\/wp\/v2\/posts\/9807"}],"collection":[{"href":"https:\/\/kantine26.de\/sha\/wp-json\/wp\/v2\/posts"}],"about":[{"href":"https:\/\/kantine26.de\/sha\/wp-json\/wp\/v2\/types\/post"}],"author":[{"embeddable":true,"href":"https:\/\/kantine26.de\/sha\/wp-json\/wp\/v2\/users\/1"}],"replies":[{"embeddable":true,"href":"https:\/\/kantine26.de\/sha\/wp-json\/wp\/v2\/comments?post=9807"}],"version-history":[{"count":6,"href":"https:\/\/kantine26.de\/sha\/wp-json\/wp\/v2\/posts\/9807\/revisions"}],"predecessor-version":[{"id":9814,"href":"https:\/\/kantine26.de\/sha\/wp-json\/wp\/v2\/posts\/9807\/revisions\/9814"}],"wp:featuredmedia":[{"embeddable":true,"href":"https:\/\/kantine26.de\/sha\/wp-json\/wp\/v2\/media\/9808"}],"wp:attachment":[{"href":"https:\/\/kantine26.de\/sha\/wp-json\/wp\/v2\/media?parent=9807"}],"wp:term":[{"taxonomy":"category","embeddable":true,"href":"https:\/\/kantine26.de\/sha\/wp-json\/wp\/v2\/categories?post=9807"},{"taxonomy":"post_tag","embeddable":true,"href":"https:\/\/kantine26.de\/sha\/wp-json\/wp\/v2\/tags?post=9807"}],"curies":[{"name":"wp","href":"https:\/\/api.w.org\/{rel}","templated":true}]}}